{"id":12362,"date":"2022-12-02T03:47:00","date_gmt":"2022-12-02T03:47:00","guid":{"rendered":"https:\/\/www.euegeajans.com\/?p=12362"},"modified":"2022-12-02T08:00:40","modified_gmt":"2022-12-02T08:00:40","slug":"eu-erisilebilir-kampus-hedefine-emin-adimlarla-ilerliyor","status":"publish","type":"post","link":"https:\/\/www.euegeajans.com\/index.php\/2022\/12\/02\/eu-erisilebilir-kampus-hedefine-emin-adimlarla-ilerliyor\/","title":{"rendered":"<strong>E\u00dc \u201cEri\u015filebilir Kamp\u00fcs\u201d hedefine emin ad\u0131mlarla ilerliyor<\/strong>"},"content":{"rendered":"<p style=\"text-align: justify;\">M\u00fcberra \u00dcnsal &#8211; S\u00fcreyya Sedat &#8211; Ahmad Firas Majawaz<\/p>\n<p style=\"text-align: justify;\">Engelli vatanda\u015flar\u0131n haklar\u0131, topluma kazand\u0131r\u0131lmas\u0131 ve ya\u015fad\u0131\u011f\u0131 sorunlara toplumsal fark\u0131ndal\u0131k olu\u015fturulmas\u0131 i\u00e7in 3 Aral\u0131k g\u00fcn\u00fc her y\u0131l Birle\u015fmi\u015f Milletler karar\u0131yla \u201cD\u00fcnya Engelliler G\u00fcn\u00fc\u201d\u00a0 olarak an\u0131l\u0131yor. Ege \u00dcniversitesi b\u00fcnyesinde faaliyetlerini y\u00fcr\u00fcten Engelsiz Ege Birimi, engelli \u00f6\u011frencilerin y\u00fcksek\u00f6\u011frenim ya\u015fant\u0131lar\u0131 boyunca kar\u015f\u0131la\u015ft\u0131klar\u0131 engelleri saptamak, ortadan kald\u0131rmak ve eri\u015filebilir bir kamp\u00fcs yaratmak amac\u0131yla \u00e7al\u0131\u015fmalar\u0131n\u0131 s\u00fcrd\u00fcr\u00fcyor. Engelsiz Ege Birimi Koordinat\u00f6r\u00fc Do\u00e7. Dr. Pelin Pi\u015ftav Akme\u015fe, \u201c3 Aral\u0131k D\u00fcnya Engelliler G\u00fcn\u00fc\u201d kapsam\u0131nda birimin \u00e7al\u0131\u015fmalar\u0131n\u0131 ve bug\u00fcne kadar fark\u0131ndal\u0131\u011f\u0131n art\u0131r\u0131lmas\u0131na y\u00f6nelik y\u00fcr\u00fctt\u00fckleri faaliyetleri anlatt\u0131.<\/p>\n<p style=\"text-align: justify;\"><b>Engelsiz \u00f6d\u00fcll\u00fc \u00fcniversite<\/b><\/p>\n<p style=\"text-align: justify;\">Y\u00d6K taraf\u0131ndan Ege \u00dcniversitesine\u00a0\u201cEngelsiz \u00dcniversite Bayrak \u00d6d\u00fclleri\u201d kapsam\u0131nda 4 bayrak ve \u201cEngelsiz \u00dcniversite Program Ni\u015fan\u0131\u201d\u00a0kategorisinde 8 ni\u015fan verildi\u011fini s\u00f6yleyen Do\u00e7. Dr. Pelin Pi\u015ftav Akme\u015fe,\u00a0 \u201c\u00dcniversitemizde engelli \u00f6\u011frencilerimizin e\u015fit e\u011fitim alabilmeleri ve mekanlara ula\u015fabilmelerine y\u00f6nelik bir\u00e7ok \u00e7al\u0131\u015fmalar yap\u0131yoruz. Yapt\u0131\u011f\u0131m\u0131z \u00e7al\u0131\u015fmalar\u0131n Y\u00d6K taraf\u0131ndan \u00f6d\u00fclle kar\u015f\u0131l\u0131k bulmas\u0131 bizim i\u00e7in olduk\u00e7a \u00f6nemliydi. \u00c7\u00fcnk\u00fc bu \u00f6d\u00fcller \u00fcniversitede daha \u00e7ok de\u011fi\u015fimin gereklili\u011fini ortaya \u00e7\u0131kar\u0131yor. Biz\u00a0 \u2018Program Ni\u015fan\u0131\u2019 alan\u0131nda T\u00fcrkiye birincisi olduk. Program Ni\u015fan\u0131, engelli \u00f6\u011frencimizin e\u011fitim ald\u0131\u011f\u0131 t\u00fcm derslerine, s\u0131navlar\u0131na akranlar\u0131yla e\u015fit eri\u015febilmesini sa\u011flamak amac\u0131yla yap\u0131lan uyarlamalar\u0131 i\u00e7ermektedir. \u00dcniversitemizde i\u015fitme engeli, g\u00f6rme engelli, bedensel engelli, Otizm spektrum bozuklu\u011fu,\u00a0 down sendromu gibi t\u00fcm engel gruplar\u0131ndaki \u00f6\u011frencilerimizi kapsayacak \u015fekilde uyarlamalar ger\u00e7ekle\u015ftiriyoruz. T\u00fcm engel gruplar\u0131nda da programa eri\u015filebilirlik i\u00e7in program ni\u015fan\u0131 \u00f6d\u00fcl\u00fc ald\u0131k. Rekt\u00f6r\u00fcm\u00fcz Prof. Dr. Necdet Budak hocam\u0131z\u0131n da dedi\u011fi gibi \u2018Biz \u00f6\u011frenci odakl\u0131 bir \u00fcniversiteyiz\u2019, engellilikte de \u00f6\u011frenci odakl\u0131l\u0131kta da \u00e7ok do\u011fru ad\u0131mlar at\u0131yoruz. \u015eu anda da Rekt\u00f6r Hocam\u0131z\u0131n \u00f6nc\u00fcl\u00fc\u011f\u00fcnde s\u00fcrd\u00fcr\u00fclebilirlik \u00e7al\u0131\u015fmalar\u0131m\u0131za yo\u011fun \u015fekilde devam ediyoruz. \u00dcniversitemizde binalar\u0131m\u0131z Yap\u0131 \u0130\u015fleri Daire Ba\u015fkanl\u0131\u011f\u0131 taraf\u0131ndan engelli \u00f6\u011frencilerimizin mek\u00e2nsal eri\u015fimine y\u00f6nelik detayl\u0131 incelenmeye ba\u015fland\u0131, eksikler tespit ediliyor bunlara y\u00f6nelik yo\u011fun \u00e7al\u0131\u015fmalar ba\u015flat\u0131ld\u0131. \u00dcniversitemizde kazand\u0131\u011f\u0131m\u0131z program ni\u015fanlar\u0131ndan sonra ve yapt\u0131\u011f\u0131m\u0131z \u00e7al\u0131\u015fmalarla de\u011fi\u015fiklikler var tabi ki, fark\u0131ndal\u0131k daha \u00e7ok artt\u0131. Sadece engelli \u00f6\u011frencilerimiz i\u00e7in de\u011fil Tip1 diyabet, multiple skleroz, kas hastal\u0131\u011f\u0131, kalp hastal\u0131\u011f\u0131, lenf \u00f6dem gibi kronik sa\u011fl\u0131k problemleri ya\u015fayan \u00f6\u011frencilerimize y\u00f6nelik de d\u00fczenleme ve \u00e7al\u0131\u015fmalar yap\u0131yoruz\u201d diye konu\u015ftu.<\/p>\n<p style=\"text-align: justify;\"><b>\u201cEri\u015filebilir Ege \u00dcniversitesi Sempozyumu\u201d<\/b><\/p>\n<p style=\"text-align: justify;\"><img loading=\"lazy\" decoding=\"async\" class=\"size-medium wp-image-12364 alignright\" src=\"http:\/\/www.euegeajans.com\/wp-content\/uploads\/2022\/12\/pelin-pistav-akmese-300x200.jpg\" alt=\"\" width=\"300\" height=\"200\" srcset=\"https:\/\/www.euegeajans.com\/wp-content\/uploads\/2022\/12\/pelin-pistav-akmese-300x200.jpg 300w, https:\/\/www.euegeajans.com\/wp-content\/uploads\/2022\/12\/pelin-pistav-akmese-1024x683.jpg 1024w, https:\/\/www.euegeajans.com\/wp-content\/uploads\/2022\/12\/pelin-pistav-akmese-768x512.jpg 768w, https:\/\/www.euegeajans.com\/wp-content\/uploads\/2022\/12\/pelin-pistav-akmese-1536x1024.jpg 1536w, https:\/\/www.euegeajans.com\/wp-content\/uploads\/2022\/12\/pelin-pistav-akmese.jpg 1600w\" sizes=\"auto, (max-width: 300px) 100vw, 300px\" \/>Do\u00e7. Dr. Pi\u015ftav Akme\u015fe, engelsiz fark\u0131ndal\u0131k \u00e7al\u0131\u015fmalar\u0131n\u0131n \u00fcniversitedeki t\u00fcm \u00f6\u011frencilere y\u00f6nelik yap\u0131ld\u0131\u011f\u0131na de\u011finerek \u201c\u00dcniversitemizde yapt\u0131\u011f\u0131m\u0131z fark\u0131ndal\u0131k \u00e7al\u0131\u015fmalar\u0131yla t\u00fcm \u00f6\u011frencilerimizi, akademik ve idari personelimizi bilgilendirmi\u015f oluyoruz. Ayn\u0131 zamanda toplumsal fark\u0131ndal\u0131\u011fa y\u00f6nelikte \u00e7al\u0131\u015fmalar y\u00fcr\u00fct\u00fcyoruz. Bu sayede yaln\u0131z okul i\u00e7erisinde de\u011fil toplum ya\u015fam\u0131nda da bir fark\u0131ndal\u0131k olu\u015fturmay\u0131 desteklemi\u015f oluyoruz. Biz \u00fcniversite olarak \u2018engellilik\u2019\u00a0 kavram\u0131n\u0131 toplumun koydu\u011fu bir kavram olarak g\u00f6r\u00fcyoruz. O nedenle hi\u00e7bir \u00f6\u011frencimizi ay\u0131rm\u0131yoruz. Eri\u015febilir kamp\u00fcs ya\u015fam\u0131 amac\u0131nda \u00e7al\u0131\u015fmalar yap\u0131yoruz. 5 Aral\u0131k\u2019ta ger\u00e7ekle\u015ftirece\u011fimiz \u2018Eri\u015filebilir Ege \u00dcniversitesi Sempozyumu\u2019na t\u00fcm akademik, idari personelimizi ve \u00f6\u011frencilerimizi bekliyoruz\u201d dedi.<\/p>\n<p style=\"text-align: justify;\"><b>\u201c\u00dcniversitemiz, bizler i\u00e7in elinden geleni yap\u0131yor\u201d<\/b><\/p>\n<p style=\"text-align: justify;\">Do\u011fu\u015ftan g\u00f6rme engelli olan Ege \u00dcniversitesi \u0130leti\u015fim Fak\u00fcltesi Gazetecilik B\u00f6l\u00fcm\u00fc \u00f6\u011frencisi\u00a0\u00a0 Mert K\u0131l\u0131\u00e7kan, \u00fcniversite i\u00e7erisindeki eri\u015febilirlik faaliyetlerini de\u011ferlendirerek, \u201cFak\u00fcltemiz, engellilerin kolayca giri\u015f \u00e7\u0131k\u0131\u015f yapt\u0131\u011f\u0131 bir ortama sahip. \u00a0\u00dcniversite olarak engelli \u00f6\u011frenciler i\u00e7in ellerinden geleni yapmaya \u00e7al\u0131\u015fan bir y\u00f6netim var. G\u00fczel bir fak\u00fclteye sahibiz, duyarl\u0131 insanlar var. Bizlerin daha iyi e\u011fitim almalar\u0131 ad\u0131na \u00e7al\u0131\u015fmalar yapan t\u00fcm birimlere te\u015fekk\u00fcr ediyorum\u201d diye konu\u015ftu.<\/p>\n","protected":false},"excerpt":{"rendered":"<p>M\u00fcberra \u00dcnsal &#8211; S\u00fcreyya Sedat &#8211; Ahmad Firas Majawaz Engelli vatanda\u015flar\u0131n haklar\u0131, topluma kazand\u0131r\u0131lmas\u0131 ve&#8230;<\/p>\n","protected":false},"author":2,"featured_media":12363,"comment_status":"open","ping_status":"open","sticky":false,"template":"","format":"standard","meta":{"footnotes":""},"categories":[1,70,68],"tags":[],"class_list":["post-12362","post","type-post","status-publish","format-standard","has-post-thumbnail","hentry","category-gncl","category-kampus","category-saglik"],"featured_image_urls":{"full":["https:\/\/www.euegeajans.com\/wp-content\/uploads\/2022\/12\/EGE-NECDET-BUDAK-MERT-KILICKAN-2.jpg",2048,1365,false],"thumbnail":["https:\/\/www.euegeajans.com\/wp-content\/uploads\/2022\/12\/EGE-NECDET-BUDAK-MERT-KILICKAN-2-150x150.jpg",150,150,true],"medium":["https:\/\/www.euegeajans.com\/wp-content\/uploads\/2022\/12\/EGE-NECDET-BUDAK-MERT-KILICKAN-2-300x200.jpg",300,200,true],"medium_large":["https:\/\/www.euegeajans.com\/wp-content\/uploads\/2022\/12\/EGE-NECDET-BUDAK-MERT-KILICKAN-2-768x512.jpg",640,427,true],"large":["https:\/\/www.euegeajans.com\/wp-content\/uploads\/2022\/12\/EGE-NECDET-BUDAK-MERT-KILICKAN-2-1024x683.jpg",640,427,true],"1536x1536":["https:\/\/www.euegeajans.com\/wp-content\/uploads\/2022\/12\/EGE-NECDET-BUDAK-MERT-KILICKAN-2-1536x1024.jpg",1536,1024,true],"2048x2048":["https:\/\/www.euegeajans.com\/wp-content\/uploads\/2022\/12\/EGE-NECDET-BUDAK-MERT-KILICKAN-2.jpg",2048,1365,false],"newsphere-slider-full":["https:\/\/www.euegeajans.com\/wp-content\/uploads\/2022\/12\/EGE-NECDET-BUDAK-MERT-KILICKAN-2-1280x720.jpg",1280,720,true],"newsphere-featured":["https:\/\/www.euegeajans.com\/wp-content\/uploads\/2022\/12\/EGE-NECDET-BUDAK-MERT-KILICKAN-2-1024x683.jpg",1024,683,true],"newsphere-medium":["https:\/\/www.euegeajans.com\/wp-content\/uploads\/2022\/12\/EGE-NECDET-BUDAK-MERT-KILICKAN-2-720x380.jpg",720,380,true]},"author_info":{"display_name":"Editor","author_link":"https:\/\/www.euegeajans.com\/index.php\/author\/editor\/"},"category_info":"<a href=\"https:\/\/www.euegeajans.com\/index.php\/category\/gncl\/\" rel=\"category tag\">G\u00fcncel<\/a> <a href=\"https:\/\/www.euegeajans.com\/index.php\/category\/kampus\/\" rel=\"category tag\">Kamp\u00fcs<\/a> <a href=\"https:\/\/www.euegeajans.com\/index.php\/category\/saglik\/\" rel=\"category tag\">Sa\u011fl\u0131k<\/a>","tag_info":"Sa\u011fl\u0131k","comment_count":"0","_links":{"self":[{"href":"https:\/\/www.euegeajans.com\/index.php\/wp-json\/wp\/v2\/posts\/12362","targetHints":{"allow":["GET"]}}],"collection":[{"href":"https:\/\/www.euegeajans.com\/index.php\/wp-json\/wp\/v2\/posts"}],"about":[{"href":"https:\/\/www.euegeajans.com\/index.php\/wp-json\/wp\/v2\/types\/post"}],"author":[{"embeddable":true,"href":"https:\/\/www.euegeajans.com\/index.php\/wp-json\/wp\/v2\/users\/2"}],"replies":[{"embeddable":true,"href":"https:\/\/www.euegeajans.com\/index.php\/wp-json\/wp\/v2\/comments?post=12362"}],"version-history":[{"count":2,"href":"https:\/\/www.euegeajans.com\/index.php\/wp-json\/wp\/v2\/posts\/12362\/revisions"}],"predecessor-version":[{"id":12366,"href":"https:\/\/www.euegeajans.com\/index.php\/wp-json\/wp\/v2\/posts\/12362\/revisions\/12366"}],"wp:featuredmedia":[{"embeddable":true,"href":"https:\/\/www.euegeajans.com\/index.php\/wp-json\/wp\/v2\/media\/12363"}],"wp:attachment":[{"href":"https:\/\/www.euegeajans.com\/index.php\/wp-json\/wp\/v2\/media?parent=12362"}],"wp:term":[{"taxonomy":"category","embeddable":true,"href":"https:\/\/www.euegeajans.com\/index.php\/wp-json\/wp\/v2\/categories?post=12362"},{"taxonomy":"post_tag","embeddable":true,"href":"https:\/\/www.euegeajans.com\/index.php\/wp-json\/wp\/v2\/tags?post=12362"}],"curies":[{"name":"wp","href":"https:\/\/api.w.org\/{rel}","templated":true}]}}