{"id":10854,"date":"2022-09-29T04:54:00","date_gmt":"2022-09-29T04:54:00","guid":{"rendered":"https:\/\/www.euegeajans.com\/?p=10854"},"modified":"2022-09-29T07:57:48","modified_gmt":"2022-09-29T07:57:48","slug":"eutf-cocuk-hastanesinde-anne-sutunun-onemine-dikkat-cekildi","status":"publish","type":"post","link":"https:\/\/www.euegeajans.com\/index.php\/2022\/09\/29\/eutf-cocuk-hastanesinde-anne-sutunun-onemine-dikkat-cekildi\/","title":{"rendered":"\u00a0 E\u00dcTF \u00c7ocuk Hastanesinde anne s\u00fct\u00fcn\u00fcn \u00f6nemine dikkat \u00e7ekildi"},"content":{"rendered":"<p style=\"text-align: justify;\">Ege \u00dcniversitesi T\u0131p Fak\u00fcltesi (E\u00dcTF) \u00c7ocuk Hastanesinde, Rekt\u00f6r Prof. Dr. Necdet Budak \u00f6nc\u00fcl\u00fc\u011f\u00fcnde ve Ba\u015fhekim Prof. Dr. \u00d6zg\u00fcr \u00c7o\u011fulu\u2019nun deste\u011fi ile hizmete al\u0131nan Emzirme Dan\u0131\u015fmanl\u0131\u011f\u0131 ve Relaktasyon Poliklini\u011fi, anne s\u00fct\u00fcn\u00fcn \u00f6nemi hakk\u0131nda fark\u0131ndal\u0131k olu\u015fturmak amac\u0131yla e\u011fitimler vermeye ba\u015flad\u0131.<\/p>\n<p style=\"text-align: justify;\">\u201cAnne S\u00fct\u00fc ve Emzirme Dan\u0131\u015fmanl\u0131\u011f\u0131 E\u011fitimi\u201d ba\u015fl\u0131\u011f\u0131yla sunulan e\u011fitimlerde; E\u00dcTF \u00c7ocuk Sa\u011fl\u0131\u011f\u0131 ve Hastal\u0131klar\u0131 Anabilim Dal\u0131 Sosyal Pediatri Bilim Dal\u0131 Ba\u015fkan\u0131 Do\u00e7. Dr. Feyza Umay Ko\u00e7, Yenido\u011fan Bilim Dal\u0131 \u00d6\u011fretim \u00dcyesi Do\u00e7. Dr. \u00d6zge Altun K\u00f6ro\u011flu, Do\u00e7. Dr. Demet Terek, Uzm. Dr. Merve Tosyal\u0131, Uzm. Dr. \u015eule G\u00f6k\u00e7e ve Emzirme Dan\u0131\u015fman Hem\u015fireleri Ceyda Yama\u00e7, Zeliha \u00dcnal, Sevilay Kurt ve Nalan Demircan yapt\u0131klar\u0131 sunumlarla kat\u0131l\u0131mc\u0131lar\u0131 anne s\u00fct\u00fc, i\u00e7eri\u011fi ve \u00f6nemi hakk\u0131nda bilgilendirdiler.<\/p>\n<p style=\"text-align: justify;\"><img loading=\"lazy\" decoding=\"async\" class=\"size-medium wp-image-10856 alignleft\" src=\"http:\/\/www.euegeajans.com\/wp-content\/uploads\/2022\/09\/Doc.-Dr.-Feyza-Umay-Koc-1-300x200.jpg\" alt=\"\" width=\"300\" height=\"200\" srcset=\"https:\/\/www.euegeajans.com\/wp-content\/uploads\/2022\/09\/Doc.-Dr.-Feyza-Umay-Koc-1-300x200.jpg 300w, https:\/\/www.euegeajans.com\/wp-content\/uploads\/2022\/09\/Doc.-Dr.-Feyza-Umay-Koc-1-1024x683.jpg 1024w, https:\/\/www.euegeajans.com\/wp-content\/uploads\/2022\/09\/Doc.-Dr.-Feyza-Umay-Koc-1-768x512.jpg 768w, https:\/\/www.euegeajans.com\/wp-content\/uploads\/2022\/09\/Doc.-Dr.-Feyza-Umay-Koc-1.jpg 1500w\" sizes=\"auto, (max-width: 300px) 100vw, 300px\" \/>T\u00fcm d\u00fcnyada 1-7 Ekim haftas\u0131n\u0131n \u2018Emzirme Haftas\u0131\u2019 olarak kutland\u0131\u011f\u0131n\u0131 belirten ve d\u00fcnyadaki bebek dostu giri\u015fimler hakk\u0131nda bilgi veren Do\u00e7. Dr. Feyza Ko\u00e7, \u201c\u0130nsan ya\u015fam\u0131nda beyin geli\u015fimi \u00e7ok \u00f6nemli ve bu geli\u015fim d\u00fcnyaya geldi\u011fimiz ilk y\u0131llarda \u00e7ok h\u0131zl\u0131 bir \u015fekilde ilerliyor. Bu s\u00fcre\u00e7teki en kritik d\u00f6nem, beslenme d\u00f6nemi. \u00c7\u00fcnk\u00fc bebeklerdeki yetersiz ve sa\u011fl\u0131ks\u0131z beslenme, k\u00fcresel bebek hastal\u0131klar\u0131na ve kay\u0131plar\u0131na neden oluyor. Bu tablo bizlere beslenmenin \u00f6nemini g\u00f6steriyor. \u00dclkelerde anne s\u00fct\u00fcn\u00fc desteklemelerinin yan\u0131 s\u0131ra, emziren kad\u0131nlar\u0131n haklar\u0131n\u0131n yasalarla g\u00fcvence alt\u0131na al\u0131nmas\u0131 isteniyor. Bebeklerin do\u011far do\u011fmaz ilk 6 ay boyunca yaln\u0131zca anne s\u00fct\u00fcyle beslenmesi ve bu beslenmenin en az 2 ya\u015fa kadar s\u00fcrd\u00fcr\u00fclmesi ama\u00e7lan\u0131yor. Ancak ne yaz\u0131k ki d\u00fcnya \u00fclkelerinin \u00e7o\u011fu Bebek Dostu \u0130nisiyatife ge\u00e7ebilmi\u015f de\u011fil\u201d diye konu\u015ftu.<\/p>\n<p style=\"text-align: justify;\"><b>\u201cBebek Dostu Yeni Do\u011fan Yo\u011fun Bak\u0131m Sertifikas\u0131na sahibiz\u201d<\/b><\/p>\n<p style=\"text-align: justify;\">Emzirme konusunda T\u00fcrkiye\u2019deki geli\u015fmelerden bahseden Do\u00e7. Dr. Feyza Ko\u00e7 ve Uzm. Dr. Merve Tosyal\u0131 \u00a0\u201c\u00dclkemizde \u2018Anne S\u00fct\u00fcn\u00fcn Te\u015fviki ve Bebek Dostu Sa\u011fl\u0131k Kurulu\u015flar\u0131 Program\u0131\u2019 var. \u00d6zellikle \u2018Ba\u015far\u0131l\u0131 Emzirmede 10 Ad\u0131m Prensipleri\u2019 do\u011frultusunda e\u011fitimler veriliyor. Bu program\u0131n bile\u015fenleriyle bizim \u00fclkemizde de \u2018Bebek Dostu Hastaneler\u2019 faaliyete ba\u015flad\u0131. \u2018Bebek Dostu Aile Hekimlikleri\u2019 olu\u015fturuldu. \u0130zmir, \u2018Alt\u0131n Bebek Dostu\u2019 illerimizden bir tanesi. Gebe e\u011fitimleri verilmesi, kad\u0131n do\u011fum servislerinde emzirme deste\u011fi verilmesi, servislerin hi\u00e7birinde emzik veya biberon gibi yan \u00fcr\u00fcnlerin kullan\u0131lmamas\u0131 \u00e7ok \u00f6nemli. Bebek Dostu Yeni Do\u011fan Yo\u011fun Bak\u0131m Program\u0131yla \u20187 Ad\u0131m Stratejisi\u2019 uygulanmal\u0131. Ege \u00dcniversitesi yo\u011fun bak\u0131m\u0131m\u0131z \u2018Bebek Dostu Yeni Do\u011fan Yo\u011fun Bak\u0131m Sertifikas\u0131\u2019na sahip. \u0130statistiksel olarak bakt\u0131\u011f\u0131m\u0131zda, \u00fclkemizde son y\u0131llarda ilk 6 ay i\u00e7inde anne s\u00fct\u00fc alma oran\u0131 y\u00fczde 40 artm\u0131\u015f. Ancak bir s\u00fcre emzirip b\u0131rakan grup ise y\u00fczde 90\u2019lar\u0131 olu\u015fturuyor. Biz, emzirme oran\u0131n\u0131 y\u00fckseltmeyi hedefliyoruz\u201d dedi.<\/p>\n<p style=\"text-align: justify;\"><b>\u201cYapay beslenme anne-bebek aras\u0131ndaki uyumu bozar\u201d<\/b><\/p>\n<p style=\"text-align: justify;\"><img loading=\"lazy\" decoding=\"async\" class=\"size-medium wp-image-10857 alignright\" src=\"http:\/\/www.euegeajans.com\/wp-content\/uploads\/2022\/09\/Uzm.-Dr.-Merve-Tosyali-2-300x200.jpg\" alt=\"\" width=\"300\" height=\"200\" srcset=\"https:\/\/www.euegeajans.com\/wp-content\/uploads\/2022\/09\/Uzm.-Dr.-Merve-Tosyali-2-300x200.jpg 300w, https:\/\/www.euegeajans.com\/wp-content\/uploads\/2022\/09\/Uzm.-Dr.-Merve-Tosyali-2-1024x683.jpg 1024w, https:\/\/www.euegeajans.com\/wp-content\/uploads\/2022\/09\/Uzm.-Dr.-Merve-Tosyali-2-768x512.jpg 768w, https:\/\/www.euegeajans.com\/wp-content\/uploads\/2022\/09\/Uzm.-Dr.-Merve-Tosyali-2.jpg 1500w\" sizes=\"auto, (max-width: 300px) 100vw, 300px\" \/>Anne s\u00fct\u00fcn\u00fcn \u00f6zelliklerini, anne-bebek sa\u011fl\u0131\u011f\u0131 \u00fczerine etkilerini ve yapay beslenmenin getirece\u011fi sorunlar\u0131 aktaran Uzm. Dr. Merve Tosyal\u0131, \u201cDo\u011fumdan sonra bebe\u011fin en k\u0131sa s\u00fcrede anne s\u00fct\u00fcyle bulu\u015fturulmas\u0131n\u0131 \u00f6neriyoruz. Anne s\u00fct\u00fcnde a\u015f\u0131 niteli\u011fi ta\u015f\u0131yan k\u0131s\u0131m ilk 5 g\u00fcn gelen mucizevi \u2018Kolostrum S\u00fct\u00fc\u2019d\u00fcr. Bu nedenle toplumdaki yanl\u0131\u015f bilgilerin aksine kesinlikle at\u0131lmamas\u0131 gerekir. Anne s\u00fct\u00fc, bebe\u011fin t\u00fcm besin ihtiya\u00e7lar\u0131n\u0131 y\u00fczde y\u00fcz kar\u015f\u0131lad\u0131\u011f\u0131ndan, ilk 6 ay boyunca yaln\u0131zca anne s\u00fct\u00fcyle beslenme yap\u0131lmal\u0131. Ancak ilk alt\u0131 aydan sonra yar\u0131 yar\u0131ya bir d\u00fc\u015f\u00fc\u015f g\u00f6zlendi\u011fi i\u00e7in tamamlay\u0131c\u0131 beslenmeyle kalori a\u00e7\u0131\u011f\u0131n\u0131 tamaml\u0131yoruz. Anne s\u00fct\u00fc; bebe\u011fin her an ula\u015fabilece\u011fi, ideal \u0131s\u0131da, tad\u0131 g\u00fczel, temiz ve neredeyse a\u015f\u0131 \u00f6zelli\u011finde bir besin i\u00e7eri\u011fi. Emzik ve biberon kullan\u0131m\u0131ndansa, annenin emzirmesi \u00e7ene ve di\u015f yap\u0131s\u0131n\u0131n yan\u0131 s\u0131ra yutkunma fonksiyonu i\u00e7in b\u00fcy\u00fck \u00f6nem ta\u015f\u0131r. Hem bili\u015fsel hem de duygusal zek\u00e2 i\u00e7in olduk\u00e7a etkili bir fakt\u00f6rd\u00fcr. Anne s\u00fct\u00fcn\u00fcn hazm\u0131, inek s\u00fct\u00fc ve kar\u0131\u015f\u0131m\u0131yla haz\u0131rlanan mamalardan \u00e7ok daha kolayd\u0131r. Anne a\u00e7\u0131s\u0131ndan bakt\u0131\u011f\u0131m\u0131zdaysa; emzirme s\u00fcresi ne kadar artarsa, meme kanseri riski o kadar azal\u0131r. V\u00fccutta s\u00fct \u00fcretimi i\u00e7in b\u00fcy\u00fck bir kalori harcand\u0131\u011f\u0131ndan, emziren anneler do\u011fum sonras\u0131 eski kilolar\u0131na da kolayl\u0131kla d\u00f6ner. Anne s\u00fct\u00fc bu kadar faydal\u0131yken, yapay beslenme anne-bebek aras\u0131ndaki uyumu bozar. Sterilizeye dikkat edilmezse, \u00e7e\u015fitli enfeksiyonlar bula\u015fabilir ve alerjiler meydana gelebilir\u201d diye konu\u015ftu.<\/p>\n<p style=\"text-align: justify;\">Kat\u0131l\u0131mc\u0131lara uygulanan \u00f6n test ile ba\u015flayan e\u011fitimde, Do\u00e7. Dr. Feyza Umay Ko\u00e7 taraf\u0131ndan \u201cEmzirilemeyen Bebek ve Relaktasyon\u201d, \u201cTamamlay\u0131c\u0131 Beslenme\u201d, Do\u00e7. Dr. \u00d6zge Altun K\u00f6ro\u011flu taraf\u0131ndan \u201c\u00d6zel Durumlarda Emzirmeyi Y\u00f6netme\u201d; Do\u00e7. Dr. Demet Terek taraf\u0131ndan \u201cEmzirilen Bebe\u011fin \u0130zlenmesi ve Yetersiz S\u00fct\u201d, \u201cTentene Temas ve Kanguru Bak\u0131m\u0131\u201d, \u201cEmzirme ve Anne Sa\u011fl\u0131\u011f\u0131\u201d; Uzm. Dr. \u015eule G\u00f6k\u00e7e taraf\u0131ndan \u201cEmzirme Nas\u0131l Oluyor\u201d, \u201cEmzirmeyi De\u011ferlendirmek\u201d; Dan\u0131\u015fman Hem\u015fire Ceyda Yama\u00e7 taraf\u0131ndan \u201cGebelik S\u00fcrecinde Dan\u0131\u015fmanl\u0131k ve Destek\u201d, \u201cDan\u0131\u015fmanl\u0131k Becerileri\u201d, \u201cEmzirme \u00d6yk\u00fcs\u00fc\u201d, \u201cAnnelere S\u00fcrekli Destek\u201d; Dan\u0131\u015fman Hem\u015fire Nalan Demircan taraf\u0131ndan \u201cMama Kodu\u201d, \u201cBebek Dostu Olmak ve On Ad\u0131m\u201d ba\u015fl\u0131kl\u0131 konularda sunumlar yap\u0131ld\u0131.<\/p>\n<div id='gallery-1' class='gallery galleryid-10854 gallery-columns-3 gallery-size-medium'><figure class='gallery-item'>\n\t\t\t<div class='gallery-icon landscape'>\n\t\t\t\t<a href='https:\/\/www.euegeajans.com\/wp-content\/uploads\/2022\/09\/Anne-Sutu-ve-Emzirme-Danismanligi-Egitimi-10.jpg'><img loading=\"lazy\" decoding=\"async\" width=\"300\" height=\"200\" src=\"https:\/\/www.euegeajans.com\/wp-content\/uploads\/2022\/09\/Anne-Sutu-ve-Emzirme-Danismanligi-Egitimi-10-300x200.jpg\" class=\"attachment-medium size-medium\" alt=\"\" srcset=\"https:\/\/www.euegeajans.com\/wp-content\/uploads\/2022\/09\/Anne-Sutu-ve-Emzirme-Danismanligi-Egitimi-10-300x200.jpg 300w, https:\/\/www.euegeajans.com\/wp-content\/uploads\/2022\/09\/Anne-Sutu-ve-Emzirme-Danismanligi-Egitimi-10-1024x683.jpg 1024w, https:\/\/www.euegeajans.com\/wp-content\/uploads\/2022\/09\/Anne-Sutu-ve-Emzirme-Danismanligi-Egitimi-10-768x512.jpg 768w, https:\/\/www.euegeajans.com\/wp-content\/uploads\/2022\/09\/Anne-Sutu-ve-Emzirme-Danismanligi-Egitimi-10.jpg 1500w\" sizes=\"auto, (max-width: 300px) 100vw, 300px\" \/><\/a>\n\t\t\t<\/div><\/figure><figure class='gallery-item'>\n\t\t\t<div class='gallery-icon landscape'>\n\t\t\t\t<a href='https:\/\/www.euegeajans.com\/wp-content\/uploads\/2022\/09\/Anne-Sutu-ve-Emzirme-Danismanligi-Egitimi-17.jpg'><img loading=\"lazy\" decoding=\"async\" width=\"300\" height=\"200\" src=\"https:\/\/www.euegeajans.com\/wp-content\/uploads\/2022\/09\/Anne-Sutu-ve-Emzirme-Danismanligi-Egitimi-17-300x200.jpg\" class=\"attachment-medium size-medium\" alt=\"\" srcset=\"https:\/\/www.euegeajans.com\/wp-content\/uploads\/2022\/09\/Anne-Sutu-ve-Emzirme-Danismanligi-Egitimi-17-300x200.jpg 300w, https:\/\/www.euegeajans.com\/wp-content\/uploads\/2022\/09\/Anne-Sutu-ve-Emzirme-Danismanligi-Egitimi-17-1024x683.jpg 1024w, https:\/\/www.euegeajans.com\/wp-content\/uploads\/2022\/09\/Anne-Sutu-ve-Emzirme-Danismanligi-Egitimi-17-768x512.jpg 768w, https:\/\/www.euegeajans.com\/wp-content\/uploads\/2022\/09\/Anne-Sutu-ve-Emzirme-Danismanligi-Egitimi-17.jpg 1500w\" sizes=\"auto, (max-width: 300px) 100vw, 300px\" \/><\/a>\n\t\t\t<\/div><\/figure><figure class='gallery-item'>\n\t\t\t<div class='gallery-icon landscape'>\n\t\t\t\t<a href='https:\/\/www.euegeajans.com\/wp-content\/uploads\/2022\/09\/Anne-Sutu-ve-Emzirme-Danismanligi-Egitimi-39.jpg'><img loading=\"lazy\" decoding=\"async\" width=\"300\" height=\"200\" src=\"https:\/\/www.euegeajans.com\/wp-content\/uploads\/2022\/09\/Anne-Sutu-ve-Emzirme-Danismanligi-Egitimi-39-300x200.jpg\" class=\"attachment-medium size-medium\" alt=\"\" srcset=\"https:\/\/www.euegeajans.com\/wp-content\/uploads\/2022\/09\/Anne-Sutu-ve-Emzirme-Danismanligi-Egitimi-39-300x200.jpg 300w, https:\/\/www.euegeajans.com\/wp-content\/uploads\/2022\/09\/Anne-Sutu-ve-Emzirme-Danismanligi-Egitimi-39-1024x683.jpg 1024w, https:\/\/www.euegeajans.com\/wp-content\/uploads\/2022\/09\/Anne-Sutu-ve-Emzirme-Danismanligi-Egitimi-39-768x512.jpg 768w, https:\/\/www.euegeajans.com\/wp-content\/uploads\/2022\/09\/Anne-Sutu-ve-Emzirme-Danismanligi-Egitimi-39.jpg 1500w\" sizes=\"auto, (max-width: 300px) 100vw, 300px\" \/><\/a>\n\t\t\t<\/div><\/figure>\n\t\t<\/div>\n\n","protected":false},"excerpt":{"rendered":"<p>Ege \u00dcniversitesi T\u0131p Fak\u00fcltesi (E\u00dcTF) \u00c7ocuk Hastanesinde, Rekt\u00f6r Prof. Dr. Necdet Budak \u00f6nc\u00fcl\u00fc\u011f\u00fcnde ve Ba\u015fhekim&#8230;<\/p>\n","protected":false},"author":2,"featured_media":10855,"comment_status":"open","ping_status":"open","sticky":false,"template":"","format":"standard","meta":{"footnotes":""},"categories":[99,1,68],"tags":[],"class_list":["post-10854","post","type-post","status-publish","format-standard","has-post-thumbnail","hentry","category-egitim","category-gncl","category-saglik"],"featured_image_urls":{"full":["https:\/\/www.euegeajans.com\/wp-content\/uploads\/2022\/09\/Anne-Sutu-ve-Emzirme-Danismanligi-Egitimi-28.jpg",1500,1000,false],"thumbnail":["https:\/\/www.euegeajans.com\/wp-content\/uploads\/2022\/09\/Anne-Sutu-ve-Emzirme-Danismanligi-Egitimi-28-150x150.jpg",150,150,true],"medium":["https:\/\/www.euegeajans.com\/wp-content\/uploads\/2022\/09\/Anne-Sutu-ve-Emzirme-Danismanligi-Egitimi-28-300x200.jpg",300,200,true],"medium_large":["https:\/\/www.euegeajans.com\/wp-content\/uploads\/2022\/09\/Anne-Sutu-ve-Emzirme-Danismanligi-Egitimi-28-768x512.jpg",640,427,true],"large":["https:\/\/www.euegeajans.com\/wp-content\/uploads\/2022\/09\/Anne-Sutu-ve-Emzirme-Danismanligi-Egitimi-28-1024x683.jpg",640,427,true],"1536x1536":["https:\/\/www.euegeajans.com\/wp-content\/uploads\/2022\/09\/Anne-Sutu-ve-Emzirme-Danismanligi-Egitimi-28.jpg",1500,1000,false],"2048x2048":["https:\/\/www.euegeajans.com\/wp-content\/uploads\/2022\/09\/Anne-Sutu-ve-Emzirme-Danismanligi-Egitimi-28.jpg",1500,1000,false],"newsphere-slider-full":["https:\/\/www.euegeajans.com\/wp-content\/uploads\/2022\/09\/Anne-Sutu-ve-Emzirme-Danismanligi-Egitimi-28-1280x720.jpg",1280,720,true],"newsphere-featured":["https:\/\/www.euegeajans.com\/wp-content\/uploads\/2022\/09\/Anne-Sutu-ve-Emzirme-Danismanligi-Egitimi-28-1024x683.jpg",1024,683,true],"newsphere-medium":["https:\/\/www.euegeajans.com\/wp-content\/uploads\/2022\/09\/Anne-Sutu-ve-Emzirme-Danismanligi-Egitimi-28-720x380.jpg",720,380,true]},"author_info":{"display_name":"Editor","author_link":"https:\/\/www.euegeajans.com\/index.php\/author\/editor\/"},"category_info":"<a href=\"https:\/\/www.euegeajans.com\/index.php\/category\/egitim\/\" rel=\"category tag\">E\u011fitim<\/a> <a href=\"https:\/\/www.euegeajans.com\/index.php\/category\/gncl\/\" rel=\"category tag\">G\u00fcncel<\/a> <a href=\"https:\/\/www.euegeajans.com\/index.php\/category\/saglik\/\" rel=\"category tag\">Sa\u011fl\u0131k<\/a>","tag_info":"Sa\u011fl\u0131k","comment_count":"0","_links":{"self":[{"href":"https:\/\/www.euegeajans.com\/index.php\/wp-json\/wp\/v2\/posts\/10854","targetHints":{"allow":["GET"]}}],"collection":[{"href":"https:\/\/www.euegeajans.com\/index.php\/wp-json\/wp\/v2\/posts"}],"about":[{"href":"https:\/\/www.euegeajans.com\/index.php\/wp-json\/wp\/v2\/types\/post"}],"author":[{"embeddable":true,"href":"https:\/\/www.euegeajans.com\/index.php\/wp-json\/wp\/v2\/users\/2"}],"replies":[{"embeddable":true,"href":"https:\/\/www.euegeajans.com\/index.php\/wp-json\/wp\/v2\/comments?post=10854"}],"version-history":[{"count":1,"href":"https:\/\/www.euegeajans.com\/index.php\/wp-json\/wp\/v2\/posts\/10854\/revisions"}],"predecessor-version":[{"id":10861,"href":"https:\/\/www.euegeajans.com\/index.php\/wp-json\/wp\/v2\/posts\/10854\/revisions\/10861"}],"wp:featuredmedia":[{"embeddable":true,"href":"https:\/\/www.euegeajans.com\/index.php\/wp-json\/wp\/v2\/media\/10855"}],"wp:attachment":[{"href":"https:\/\/www.euegeajans.com\/index.php\/wp-json\/wp\/v2\/media?parent=10854"}],"wp:term":[{"taxonomy":"category","embeddable":true,"href":"https:\/\/www.euegeajans.com\/index.php\/wp-json\/wp\/v2\/categories?post=10854"},{"taxonomy":"post_tag","embeddable":true,"href":"https:\/\/www.euegeajans.com\/index.php\/wp-json\/wp\/v2\/tags?post=10854"}],"curies":[{"name":"wp","href":"https:\/\/api.w.org\/{rel}","templated":true}]}}