{"id":10081,"date":"2022-08-02T06:59:33","date_gmt":"2022-08-02T06:59:33","guid":{"rendered":"https:\/\/www.euegeajans.com\/?p=10081"},"modified":"2022-08-02T06:59:34","modified_gmt":"2022-08-02T06:59:34","slug":"egeli-akademisyen-az-bilinen-ve-nadir-rastlanan-hastaliga-iliskin-kitap-yazdi","status":"publish","type":"post","link":"https:\/\/www.euegeajans.com\/index.php\/2022\/08\/02\/egeli-akademisyen-az-bilinen-ve-nadir-rastlanan-hastaliga-iliskin-kitap-yazdi\/","title":{"rendered":"Egeli akademisyen az bilinen ve nadir rastlanan hastal\u0131\u011fa ili\u015fkin kitap yazd\u0131"},"content":{"rendered":"<p style=\"text-align: justify;\">Ege \u00dcniversitesi T\u0131p Fak\u00fcltesi (E\u00dcTF) \u0130mm\u00fcnoloji ve Alerji Bilim Dal\u0131 \u00d6\u011fretim \u00dcyesi Prof. Dr. Nihal Mete G\u00f6kmen\u2019in, nadir ve az bilinirli\u011fi nedeniyle \u201cYetim Hastal\u0131k\u201d olarak adland\u0131r\u0131lan Herediter Anjiyo\u00f6dem\u2019e y\u00f6nelik fark\u0131ndal\u0131k olu\u015fturmak amac\u0131yla kaleme ald\u0131\u011f\u0131 kitap yay\u0131mland\u0131.<\/p>\n<p style=\"text-align: justify;\">Nadir g\u00f6r\u00fclen kal\u0131tsal hastal\u0131klar aras\u0131nda yer alan Herediter Anjiyo\u00f6dem, ka\u015f\u0131nt\u0131 ve kurde\u015fen olmaks\u0131z\u0131n deride \u201cAnjiyo\u00f6dem\u201d ad\u0131 verilen \u015fi\u015flikler, \u015fiddetli kar\u0131n a\u011fr\u0131s\u0131 ve \u00fcst hava yollar\u0131nda \u00f6dem sonucu olu\u015fan nefes darl\u0131\u011f\u0131 ile karakterize bir hastal\u0131k. Avrupa\u2019da 50 binde 1 g\u00f6r\u00fclen hastal\u0131k, akraba evlilikleri nedeniyle T\u00fcrkiye\u2019de daha s\u0131k g\u00f6r\u00fcld\u00fc\u011f\u00fc tahmin ediliyor. E\u00dcTF \u0130mm\u00fcnoloji ve Alerji Bilim Dal\u0131 \u00d6\u011fretim \u00dcyesi Prof. Dr. Nihal Mete G\u00f6kmen, nadir ve az bilinirli\u011fi nedeniyle \u201cYetim Hastal\u0131k\u201d olarak adland\u0131r\u0131lan Herediter Anjiyo\u00f6dem\u2019e y\u00f6nelik fark\u0131ndal\u0131k olu\u015fturmak amac\u0131yla kaleme ald\u0131\u011f\u0131 kitap yay\u0131mland\u0131.<\/p>\n<p style=\"text-align: justify;\">Prof. Dr. G\u00f6kmen, \u201cDerler ki \u2018Herediter Anjiyo\u00f6dem son derece nadirdir ve bir\u00e7ok hekim tek bir hasta g\u00f6remeden meslek hayat\u0131n\u0131 tamamlar.\u2019 Ancak \u00fclkemizde Herediter Anjiyo\u00f6dem\u2019in tan\u0131 alma s\u00fcresinin 20 y\u0131ldan fazla oldu\u011funu d\u00fc\u015f\u00fcnd\u00fc\u011f\u00fcm\u00fczde y\u0131llarca alerji, ailesel akdeniz ate\u015fi, akut bat\u0131n, k\u0131r\u0131k, d\u0131\u015f gebelik, damar t\u0131kan\u0131kl\u0131\u011f\u0131 gibi yanl\u0131\u015f tan\u0131larla izlenen hastalar\u0131m\u0131z\u0131n var oldu\u011fu ger\u00e7e\u011fini \u00f6ng\u00f6rmek zor de\u011fildir. Maalesef baz\u0131 hastalar hi\u00e7 tan\u0131 alamadan ve \u00fcst hava yollar\u0131n\u0131n kapanmas\u0131 sonucu bo\u011fularak hayata veda etmektedir\u201d dedi.<\/p>\n<p style=\"text-align: justify;\"><b>\u201cFARKINDALIK \u00c7OK AZ\u201d<\/b><\/p>\n<p style=\"text-align: justify;\">Herediter Anjiyo\u00f6dem hastal\u0131\u011f\u0131n\u0131n fark\u0131ndal\u0131\u011f\u0131n\u0131n \u00e7ok az olmas\u0131 nedeniyle tan\u0131 alma s\u00fcrecinin \u00e7ok uzun oldu\u011funa vurgu yapan Prof. Dr. G\u00f6kmen, \u201cUlusal \u0130\u00e7 Hastal\u0131klar\u0131 Kongresi\u2019nde uygulanan ankette, i\u00e7 hastal\u0131klar\u0131 uzmanlar\u0131n\u0131n sadece y\u00fczde 5\u2019inin klinik bulgular, tan\u0131 testleri ve tedavi ile ilgili sorular\u0131 do\u011fru cevaplayabildiklerini saptam\u0131\u015flard\u0131r. Do\u011fru tan\u0131ya ula\u015fana kadar bir Herediter Anjiyo\u00f6dem hastas\u0131 y\u0131lda ortalama 5 kez acil servise ba\u015fvurmakta, bir\u00e7ok kez aile hekimi ve i\u00e7 hastal\u0131klar\u0131\/\u00e7ocuk sa\u011fl\u0131\u011f\u0131 ve hastal\u0131klar\u0131 muayenesinden ge\u00e7mektedir. Bir k\u0131sm\u0131 da dermatoloji, genel cerrahi, gastroenteroloji, romatoloji, kad\u0131n do\u011fum, ortopedi, kalp ve damar cerrahisi hekimlerine ba\u015fvurmaktad\u0131r. Deride ve \u00fcst solunum yollar\u0131nda \u015fi\u015flikler, kar\u0131n a\u011fr\u0131s\u0131 ataklar\u0131 ile karakterize Herediter Anjiyo\u00f6dem, her hekimin bilmesi gereken bir hastal\u0131k. Bu ger\u00e7eklerden hareketle kitab\u0131m\u0131zda Herediter Anjiyo\u00f6dem; algoritmalar ve tablolar e\u015fli\u011finde, pratik ve yal\u0131n bir \u015fekilde anlat\u0131lm\u0131\u015ft\u0131r. Herediter Anjiyo\u00f6dem tedavisindeki her bir \u00e7al\u0131\u015fma, ila\u00e7lar\u0131n etkinlik ve yan etkileri de vurgulanarak tablolar halinde detayland\u0131r\u0131ld\u0131\u201d diye konu\u015ftu.<\/p>\n","protected":false},"excerpt":{"rendered":"<p>Ege \u00dcniversitesi T\u0131p Fak\u00fcltesi (E\u00dcTF) \u0130mm\u00fcnoloji ve Alerji Bilim Dal\u0131 \u00d6\u011fretim \u00dcyesi Prof. Dr. Nihal&#8230;<\/p>\n","protected":false},"author":2,"featured_media":10082,"comment_status":"open","ping_status":"open","sticky":false,"template":"","format":"standard","meta":{"footnotes":""},"categories":[1],"tags":[],"class_list":["post-10081","post","type-post","status-publish","format-standard","has-post-thumbnail","hentry","category-gncl"],"featured_image_urls":{"full":["https:\/\/www.euegeajans.com\/wp-content\/uploads\/2022\/08\/Egeli-akademisyen-az-bilinen-ve-nadir-rastlanan-hastalig\u0306a-ilis\u0327kin-kitap1.jpg",1500,1000,false],"thumbnail":["https:\/\/www.euegeajans.com\/wp-content\/uploads\/2022\/08\/Egeli-akademisyen-az-bilinen-ve-nadir-rastlanan-hastalig\u0306a-ilis\u0327kin-kitap1-150x150.jpg",150,150,true],"medium":["https:\/\/www.euegeajans.com\/wp-content\/uploads\/2022\/08\/Egeli-akademisyen-az-bilinen-ve-nadir-rastlanan-hastalig\u0306a-ilis\u0327kin-kitap1-300x200.jpg",300,200,true],"medium_large":["https:\/\/www.euegeajans.com\/wp-content\/uploads\/2022\/08\/Egeli-akademisyen-az-bilinen-ve-nadir-rastlanan-hastalig\u0306a-ilis\u0327kin-kitap1-768x512.jpg",640,427,true],"large":["https:\/\/www.euegeajans.com\/wp-content\/uploads\/2022\/08\/Egeli-akademisyen-az-bilinen-ve-nadir-rastlanan-hastalig\u0306a-ilis\u0327kin-kitap1-1024x683.jpg",640,427,true],"1536x1536":["https:\/\/www.euegeajans.com\/wp-content\/uploads\/2022\/08\/Egeli-akademisyen-az-bilinen-ve-nadir-rastlanan-hastalig\u0306a-ilis\u0327kin-kitap1.jpg",1500,1000,false],"2048x2048":["https:\/\/www.euegeajans.com\/wp-content\/uploads\/2022\/08\/Egeli-akademisyen-az-bilinen-ve-nadir-rastlanan-hastalig\u0306a-ilis\u0327kin-kitap1.jpg",1500,1000,false],"newsphere-slider-full":["https:\/\/www.euegeajans.com\/wp-content\/uploads\/2022\/08\/Egeli-akademisyen-az-bilinen-ve-nadir-rastlanan-hastalig\u0306a-ilis\u0327kin-kitap1-1280x720.jpg",1280,720,true],"newsphere-featured":["https:\/\/www.euegeajans.com\/wp-content\/uploads\/2022\/08\/Egeli-akademisyen-az-bilinen-ve-nadir-rastlanan-hastalig\u0306a-ilis\u0327kin-kitap1-1024x683.jpg",1024,683,true],"newsphere-medium":["https:\/\/www.euegeajans.com\/wp-content\/uploads\/2022\/08\/Egeli-akademisyen-az-bilinen-ve-nadir-rastlanan-hastalig\u0306a-ilis\u0327kin-kitap1-720x380.jpg",720,380,true]},"author_info":{"display_name":"Editor","author_link":"https:\/\/www.euegeajans.com\/index.php\/author\/editor\/"},"category_info":"<a href=\"https:\/\/www.euegeajans.com\/index.php\/category\/gncl\/\" rel=\"category tag\">G\u00fcncel<\/a>","tag_info":"G\u00fcncel","comment_count":"0","_links":{"self":[{"href":"https:\/\/www.euegeajans.com\/index.php\/wp-json\/wp\/v2\/posts\/10081","targetHints":{"allow":["GET"]}}],"collection":[{"href":"https:\/\/www.euegeajans.com\/index.php\/wp-json\/wp\/v2\/posts"}],"about":[{"href":"https:\/\/www.euegeajans.com\/index.php\/wp-json\/wp\/v2\/types\/post"}],"author":[{"embeddable":true,"href":"https:\/\/www.euegeajans.com\/index.php\/wp-json\/wp\/v2\/users\/2"}],"replies":[{"embeddable":true,"href":"https:\/\/www.euegeajans.com\/index.php\/wp-json\/wp\/v2\/comments?post=10081"}],"version-history":[{"count":1,"href":"https:\/\/www.euegeajans.com\/index.php\/wp-json\/wp\/v2\/posts\/10081\/revisions"}],"predecessor-version":[{"id":10083,"href":"https:\/\/www.euegeajans.com\/index.php\/wp-json\/wp\/v2\/posts\/10081\/revisions\/10083"}],"wp:featuredmedia":[{"embeddable":true,"href":"https:\/\/www.euegeajans.com\/index.php\/wp-json\/wp\/v2\/media\/10082"}],"wp:attachment":[{"href":"https:\/\/www.euegeajans.com\/index.php\/wp-json\/wp\/v2\/media?parent=10081"}],"wp:term":[{"taxonomy":"category","embeddable":true,"href":"https:\/\/www.euegeajans.com\/index.php\/wp-json\/wp\/v2\/categories?post=10081"},{"taxonomy":"post_tag","embeddable":true,"href":"https:\/\/www.euegeajans.com\/index.php\/wp-json\/wp\/v2\/tags?post=10081"}],"curies":[{"name":"wp","href":"https:\/\/api.w.org\/{rel}","templated":true}]}}